{"id":9963,"date":"2024-10-14T12:44:06","date_gmt":"2024-10-14T10:44:06","guid":{"rendered":"https:\/\/kellerdesign.de\/?p=9963"},"modified":"2025-08-07T08:56:33","modified_gmt":"2025-08-07T06:56:33","slug":"erfolgreiche-messelogistik","status":"publish","type":"post","link":"https:\/\/kellerdesign.de\/index.php\/2024\/10\/14\/erfolgreiche-messelogistik\/","title":{"rendered":"Erfolgreiche Messelogistik = Erfolgreicher Messebau"},"content":{"rendered":"\n<div style=\"height:20px\" aria-hidden=\"true\" class=\"wp-block-spacer\"><\/div>\n\n\n\n<figure class=\"wp-block-image size-full has-lightbox\"><a href=\"https:\/\/kellerdesign.de\/index.php\/wir-ueber-uns-kellerdesign\/logistik\/\"><img loading=\"lazy\" decoding=\"async\" width=\"960\" height=\"500\" src=\"https:\/\/kellerdesign.de\/wp-content\/uploads\/2024\/09\/keller-design-flexibel-und-schnell_messelogistik.jpg\" alt=\"erfolgreiche-messelogistik-flexibel-und-schnell\" class=\"wp-image-9962\" srcset=\"https:\/\/kellerdesign.de\/wp-content\/uploads\/2024\/09\/keller-design-flexibel-und-schnell_messelogistik.jpg 960w, https:\/\/kellerdesign.de\/wp-content\/uploads\/2024\/09\/keller-design-flexibel-und-schnell_messelogistik-300x156.jpg 300w, https:\/\/kellerdesign.de\/wp-content\/uploads\/2024\/09\/keller-design-flexibel-und-schnell_messelogistik-768x400.jpg 768w\" sizes=\"auto, (max-width: 960px) 100vw, 960px\" \/><\/a><\/figure>\n\n\n\n<div style=\"height:35px\" aria-hidden=\"true\" class=\"wp-block-spacer\"><\/div>\n\n\n\n<p class=\"has-text-color has-link-color wp-elements-d0eb676318153087821f57c5cd5cdbe3\" style=\"color:#555555\"><strong>Erfolgreiche Messelogistik: Flexibilit\u00e4t und Pr\u00e4zision im Messebau<\/strong><br><br>Unser Ansatz ist effizient und zielgerichtet. Eine reibungslose Logistik bildet das Fundament f\u00fcr einen gelungenen Messeauftritt. P\u00fcnktlichkeit und Zuverl\u00e4ssigkeit sind dabei essenziell \u2013 beides setzen wir konsequent um, damit Ihr Stand termingerecht und in einwandfreiem Zustand bereitsteht.<br><br>Dank unseres firmeneigenen Bestands k\u00f6nnen wir flexibel auf individuelle Anforderungen reagieren. <br>Alle ben\u00f6tigten Komponenten werden in unserem Lager sorgf\u00e4ltig zusammengestellt, \u00fcberpr\u00fcft und sicher verpackt. Anschlie\u00dfend erfolgt der Transport mit firmeneigenen Fahrzeugen \u2013 europaweit und pr\u00e4zise abgestimmt auf die Messezeiten. So garantieren wir einen effizienten Ablauf, der Ihnen Planungssicherheit gibt und den Fokus auf Ihre Pr\u00e4sentation erm\u00f6glicht. <br><br>Lassen Sie uns gemeinsam Ihren n\u00e4chsten Messestand erfolgreich gestalten \u2013 wir freuen uns auf Ihre <a href=\"https:\/\/kellerdesign.de\/index.php\/kontakt-kellerdesign\/\">Anfrage<\/a>. <a href=\"https:\/\/kellerdesign.de\/index.php\/kontakt-kellerdesign\/\" target=\"_blank\" rel=\"noreferrer noopener\"><img loading=\"lazy\" decoding=\"async\" width=\"12\" height=\"12\" class=\"wp-image-11501\" style=\"width: 12px;\" src=\"https:\/\/kellerdesign.de\/wp-content\/uploads\/2025\/02\/link-symbol.png\" alt=\"verlinkung-keller-design\" srcset=\"https:\/\/kellerdesign.de\/wp-content\/uploads\/2025\/02\/link-symbol.png 300w, https:\/\/kellerdesign.de\/wp-content\/uploads\/2025\/02\/link-symbol-150x150.png 150w\" sizes=\"auto, (max-width: 12px) 100vw, 12px\" \/><\/a><\/p>\n\n\n\n<p class=\"has-text-color has-link-color wp-elements-81e00ed2505f271bffe81fffc2d237bd\" style=\"color:#555555\"><br><\/p>\n\n\n\n<div style=\"height:100px\" aria-hidden=\"true\" class=\"wp-block-spacer\"><\/div>\n\n\n\n<h6 class=\"wp-block-heading\"><em><a href=\"https:\/\/www.facebook.com\/KellerDesign\/?locale=de_DE\" target=\"_blank\" rel=\"noopener\">Erfolgreiche Messelogistik: Perfekt abgestimmt &amp; flexibel und schnell agieren.<\/a><\/em><\/h6>\n","protected":false},"excerpt":{"rendered":"<p>Erfolgreiche Messelogistik: Flexibilit\u00e4t und Pr\u00e4zision im Messebau Unser Ansatz ist effizient und zielgerichtet. Eine reibungslose Logistik bildet das Fundament f\u00fcr einen gelungenen Messeauftritt. P\u00fcnktlichkeit und Zuverl\u00e4ssigkeit sind dabei essenziell \u2013 beides setzen wir konsequent um, damit Ihr Stand termingerecht und in einwandfreiem Zustand bereitsteht. Dank unseres firmeneigenen Bestands k\u00f6nnen wir flexibel auf individuelle Anforderungen reagieren. [&hellip;]<\/p>\n","protected":false},"author":1,"featured_media":0,"comment_status":"closed","ping_status":"open","sticky":false,"template":"","format":"standard","meta":{"_coblocks_attr":"","_coblocks_dimensions":"","_coblocks_responsive_height":"","_coblocks_accordion_ie_support":"","site-sidebar-layout":"default","site-content-layout":"","ast-site-content-layout":"default","site-content-style":"default","site-sidebar-style":"default","ast-global-header-display":"","ast-banner-title-visibility":"","ast-main-header-display":"","ast-hfb-above-header-display":"","ast-hfb-below-header-display":"","ast-hfb-mobile-header-display":"","site-post-title":"","ast-breadcrumbs-content":"","ast-featured-img":"","footer-sml-layout":"","ast-disable-related-posts":"","theme-transparent-header-meta":"","adv-header-id-meta":"","stick-header-meta":"","header-above-stick-meta":"","header-main-stick-meta":"","header-below-stick-meta":"","astra-migrate-meta-layouts":"set","ast-page-background-enabled":"default","ast-page-background-meta":{"desktop":{"background-color":"","background-image":"","background-repeat":"repeat","background-position":"center center","background-size":"auto","background-attachment":"scroll","background-type":"","background-media":"","overlay-type":"","overlay-color":"","overlay-opacity":"","overlay-gradient":""},"tablet":{"background-color":"","background-image":"","background-repeat":"repeat","background-position":"center center","background-size":"auto","background-attachment":"scroll","background-type":"","background-media":"","overlay-type":"","overlay-color":"","overlay-opacity":"","overlay-gradient":""},"mobile":{"background-color":"","background-image":"","background-repeat":"repeat","background-position":"center center","background-size":"auto","background-attachment":"scroll","background-type":"","background-media":"","overlay-type":"","overlay-color":"","overlay-opacity":"","overlay-gradient":""}},"ast-content-background-meta":{"desktop":{"background-color":"var(--ast-global-color-5)","background-image":"","background-repeat":"repeat","background-position":"center center","background-size":"auto","background-attachment":"scroll","background-type":"","background-media":"","overlay-type":"","overlay-color":"","overlay-opacity":"","overlay-gradient":""},"tablet":{"background-color":"var(--ast-global-color-5)","background-image":"","background-repeat":"repeat","background-position":"center center","background-size":"auto","background-attachment":"scroll","background-type":"","background-media":"","overlay-type":"","overlay-color":"","overlay-opacity":"","overlay-gradient":""},"mobile":{"background-color":"var(--ast-global-color-5)","background-image":"","background-repeat":"repeat","background-position":"center center","background-size":"auto","background-attachment":"scroll","background-type":"","background-media":"","overlay-type":"","overlay-color":"","overlay-opacity":"","overlay-gradient":""}},"_jetpack_memberships_contains_paid_content":false,"footnotes":""},"categories":[45],"tags":[302,337,73,40,340,282,184,110,52,342,46],"class_list":["post-9963","post","type-post","status-publish","format-standard","hentry","category-messestaende-mit-charakter","tag-die-ideenschmiede-aus-dem-nordschwarzwald","tag-erfolgreicher-messebau","tag-messe","tag-messebau","tag-messebau-pforzheim","tag-messebau-stuttgart","tag-messelogistik","tag-nordschwarzwald","tag-schwarzwald","tag-standabbau","tag-standbau"],"jetpack_featured_media_url":"","jetpack_sharing_enabled":true,"_links":{"self":[{"href":"https:\/\/kellerdesign.de\/index.php\/wp-json\/wp\/v2\/posts\/9963","targetHints":{"allow":["GET"]}}],"collection":[{"href":"https:\/\/kellerdesign.de\/index.php\/wp-json\/wp\/v2\/posts"}],"about":[{"href":"https:\/\/kellerdesign.de\/index.php\/wp-json\/wp\/v2\/types\/post"}],"author":[{"embeddable":true,"href":"https:\/\/kellerdesign.de\/index.php\/wp-json\/wp\/v2\/users\/1"}],"replies":[{"embeddable":true,"href":"https:\/\/kellerdesign.de\/index.php\/wp-json\/wp\/v2\/comments?post=9963"}],"version-history":[{"count":15,"href":"https:\/\/kellerdesign.de\/index.php\/wp-json\/wp\/v2\/posts\/9963\/revisions"}],"predecessor-version":[{"id":12950,"href":"https:\/\/kellerdesign.de\/index.php\/wp-json\/wp\/v2\/posts\/9963\/revisions\/12950"}],"wp:attachment":[{"href":"https:\/\/kellerdesign.de\/index.php\/wp-json\/wp\/v2\/media?parent=9963"}],"wp:term":[{"taxonomy":"category","embeddable":true,"href":"https:\/\/kellerdesign.de\/index.php\/wp-json\/wp\/v2\/categories?post=9963"},{"taxonomy":"post_tag","embeddable":true,"href":"https:\/\/kellerdesign.de\/index.php\/wp-json\/wp\/v2\/tags?post=9963"}],"curies":[{"name":"wp","href":"https:\/\/api.w.org\/{rel}","templated":true}]}}