{"id":102,"count":8,"description":"<p data-start=\"68\" data-end=\"208\">Professionelle Montage von Keller Design \u2013 termintreu, pr\u00e4zise und zuverl\u00e4ssig f\u00fcr Messest\u00e4nde, Eventmodule und Werbetechnik.<\/p>","link":"https:\/\/kellerdesign.de\/index.php\/tag\/montage\/","name":"Montage","slug":"montage","taxonomy":"post_tag","meta":[],"_links":{"self":[{"href":"https:\/\/kellerdesign.de\/index.php\/wp-json\/wp\/v2\/tags\/102","targetHints":{"allow":["GET"]}}],"collection":[{"href":"https:\/\/kellerdesign.de\/index.php\/wp-json\/wp\/v2\/tags"}],"about":[{"href":"https:\/\/kellerdesign.de\/index.php\/wp-json\/wp\/v2\/taxonomies\/post_tag"}],"wp:post_type":[{"href":"https:\/\/kellerdesign.de\/index.php\/wp-json\/wp\/v2\/posts?tags=102"}],"curies":[{"name":"wp","href":"https:\/\/api.w.org\/{rel}","templated":true}]}}