{"id":149,"count":14,"description":"Flexible Vermietung von Messe- und Eventausstattung bei Keller Design \u2013 von M\u00f6beln \u00fcber Technik bis zu Dekoration, perfekt auf Ihre Bed\u00fcrfnisse abgestimmt.","link":"https:\/\/kellerdesign.de\/index.php\/tag\/vermietung\/","name":"vermietung","slug":"vermietung","taxonomy":"post_tag","meta":[],"_links":{"self":[{"href":"https:\/\/kellerdesign.de\/index.php\/wp-json\/wp\/v2\/tags\/149","targetHints":{"allow":["GET"]}}],"collection":[{"href":"https:\/\/kellerdesign.de\/index.php\/wp-json\/wp\/v2\/tags"}],"about":[{"href":"https:\/\/kellerdesign.de\/index.php\/wp-json\/wp\/v2\/taxonomies\/post_tag"}],"wp:post_type":[{"href":"https:\/\/kellerdesign.de\/index.php\/wp-json\/wp\/v2\/posts?tags=149"}],"curies":[{"name":"wp","href":"https:\/\/api.w.org\/{rel}","templated":true}]}}